{"id":4956,"date":"2024-07-24T14:04:57","date_gmt":"2024-07-24T14:04:57","guid":{"rendered":"https:\/\/oralvie.com\/los-problemas-dentales-podrian-ser-la-causa-de-tu-mal-aliento\/"},"modified":"2025-01-16T21:12:03","modified_gmt":"2025-01-16T21:12:03","slug":"los-problemas-dentales-podrian-ser-la-causa-de-tu-mal-aliento","status":"publish","type":"post","link":"https:\/\/oralvie.com\/es\/los-problemas-dentales-podrian-ser-la-causa-de-tu-mal-aliento\/","title":{"rendered":"Los problemas dentales podr\u00edan ser la causa de tu mal aliento"},"content":{"rendered":"&#13;\n<h2>\u00bfPuede ser un problema dental la causa de mi mal aliento?<\/h2>&#13;\n<p>Tener mal aliento puede repercutir negativamente en tu vida diaria, afectando tanto a tu relaci\u00f3n con los dem\u00e1s como a tu autoestima. Aunque esta afecci\u00f3n es f\u00e1cil de controlar, sigue afectando a cerca del 25% de la poblaci\u00f3n. <\/p>&#13;\n&#13;\n<p>Suele desaparecer tras cepillarte los dientes o utilizar enjuague bucal. Sin embargo, en algunos casos, esto s\u00f3lo enmascara el olor o lo hace desaparecer durante poco tiempo. <\/p>&#13;\n&#13;\n<p>Si \u00e9ste es tu caso, tu mal aliento podr\u00eda estar relacionado con problemas dentales m\u00e1s que con tu dieta.<\/p>&#13;\n&#13;\n<p>En este art\u00edculo hablaremos de la relaci\u00f3n entre el mal aliento y los problemas dentales, y explicaremos c\u00f3mo solucionarlo.<\/p>&#13;\n&#13;\n<h2 class=\"wp-block-heading\">\u00bfC\u00f3mo se desencadena el mal aliento?<\/h2>&#13;\n&#13;\n<p>La halitosis, com\u00fanmente llamada mal aliento, est\u00e1 causada por distintos factores.<\/p>&#13;\n&#13;\n<p>Suele estar causada por alimentos que tienen olores fuertes, como el ajo y la cebolla. Despu\u00e9s de comer este tipo de alimentos, el olor impregna la cavidad bucal. <\/p>&#13;\n&#13;\n<p>Sin embargo, la halitosis tambi\u00e9n est\u00e1 causada por bacterias implicadas en enfermedades bucales. Cuando quedan restos de comida en la boca, empiezan a descomponerse a medida que las bacterias los descomponen. <\/p>&#13;\n&#13;\n<p>Adem\u00e1s, grandes cantidades de bacterias presentes en distintas enfermedades bucales, como las enfermedades e infecciones de las enc\u00edas, pueden producir un olor desagradable.<\/p>&#13;\n<p><img loading=\"lazy\" decoding=\"async\" class=\"alignnone wp-image-3313 size-full\" src=\"https:\/\/oralvie.com\/wp-content\/uploads\/2024\/07\/Image_2x.webp\" alt=\"\" width=\"1480\" height=\"900\" srcset=\"https:\/\/oralvie.com\/wp-content\/uploads\/2024\/07\/Image_2x.webp 1480w, https:\/\/oralvie.com\/wp-content\/uploads\/2024\/07\/Image_2x-300x182.webp 300w, https:\/\/oralvie.com\/wp-content\/uploads\/2024\/07\/Image_2x-1024x623.webp 1024w, https:\/\/oralvie.com\/wp-content\/uploads\/2024\/07\/Image_2x-768x467.webp 768w\" sizes=\"auto, (max-width: 1480px) 100vw, 1480px\" \/><\/p>&#13;\n&#13;\n<h2 class=\"wp-block-heading\">Mal aliento y enfermedades bucales<\/h2>&#13;\n&#13;\n<p>Siempre que hay una enfermedad bucodental, hay detr\u00e1s una gran colonizaci\u00f3n bacteriana. Los problemas dentales m\u00e1s frecuentes responsables del mal aliento incluyen afecciones como: <\/p>&#13;\n&#13;\n<p><strong>Enfermedad de las enc\u00edas:<\/strong> la gingivitis y la periodontitis est\u00e1n causadas por la acumulaci\u00f3n de sarro, que est\u00e1 formado por una combinaci\u00f3n de prote\u00ednas, minerales y bacterias. As\u00ed, mientras no se elimine el sarro, el mal aliento no desaparece. <\/p>&#13;\n&#13;\n<p><strong>Infecciones:<\/strong> los abscesos y otras infecciones bucales tienen grandes cantidades de bacterias. Cuando permanecen confinadas dentro del hueso, generalmente no producen olor. Sin embargo, en cuanto empiezan a fluir hacia la boca a trav\u00e9s de las enc\u00edas, se libera el mal olor y aparece el mal aliento.  <\/p>&#13;\n&#13;\n<p>Adem\u00e1s, tambi\u00e9n es frecuente encontrar un tipo de infecci\u00f3n llamada pericoronitis. Suele desarrollarse cuando erupcionan los terceros molares, provocando dolor, inflamaci\u00f3n de las enc\u00edas alrededor del diente y mal aliento. <\/p>&#13;\n&#13;\n<p><strong>Boca seca:<\/strong> la saliva es el sistema de defensa natural de la boca. Regula su pH (nivel de acidez), ayuda a eliminar los restos de comida despu\u00e9s de comer y controla la poblaci\u00f3n de bacterias, manteniendo la flora a un nivel normal. <\/p>&#13;\n&#13;\n<p>Sin embargo, ciertas afecciones y medicamentos pueden disminuir la producci\u00f3n de saliva, provocando sequedad bucal.<\/p>&#13;\n&#13;\n<p>Al no haber suficiente saliva, aumentan las bacterias productoras de mal olor. Adem\u00e1s, esto conduce al desarrollo de enfermedades de las enc\u00edas, con lo que aumenta el mal aliento. <\/p>&#13;\n<p><img loading=\"lazy\" decoding=\"async\" class=\"alignnone wp-image-3310 size-full\" src=\"https:\/\/oralvie.com\/wp-content\/uploads\/2024\/07\/bad-breath_img1_2x.webp\" alt=\"\" width=\"1480\" height=\"900\" srcset=\"https:\/\/oralvie.com\/wp-content\/uploads\/2024\/07\/bad-breath_img1_2x.webp 1480w, https:\/\/oralvie.com\/wp-content\/uploads\/2024\/07\/bad-breath_img1_2x-300x182.webp 300w, https:\/\/oralvie.com\/wp-content\/uploads\/2024\/07\/bad-breath_img1_2x-1024x623.webp 1024w, https:\/\/oralvie.com\/wp-content\/uploads\/2024\/07\/bad-breath_img1_2x-768x467.webp 768w\" sizes=\"auto, (max-width: 1480px) 100vw, 1480px\" \/><\/p>&#13;\n&#13;\n<h2 class=\"wp-block-heading\">\u00bfC\u00f3mo tratarla?<\/h2>&#13;\n&#13;\n<p>Por desgracia, cepillarse los dientes s\u00f3lo enmascarar\u00e1 el olor. Es imprescindible acudir a una consulta dental para seguir el tratamiento adecuado. <\/p>&#13;\n&#13;\n<p>Afortunadamente, la mayor\u00eda de las veces basta con una limpieza profesional para eliminar por completo la halitosis.<\/p>&#13;\n&#13;\n<p>Aunque el mal aliento es una afecci\u00f3n frecuente que puede repercutir directamente en la vida cotidiana, afectando a miles de personas en todo el mundo, puede prevenirse f\u00e1cilmente manteniendo una buena salud bucodental.<\/p>&#13;\n&#13;\n<p>Si cepillarte los dientes no te ayuda a deshacerte de ella, lo m\u00e1s probable es que la causa est\u00e9 relacionada con un problema dental, como una enfermedad de las enc\u00edas. Pide cita con tu dentista, te librar\u00e1 de la halitosis y ya no tendr\u00e1s que preocuparte por tu aliento. <\/p>&#13;\n<p><img loading=\"lazy\" decoding=\"async\" class=\"alignnone wp-image-3316 size-full\" src=\"https:\/\/oralvie.com\/wp-content\/uploads\/2024\/07\/Image_2x-1.webp\" alt=\"\" width=\"1480\" height=\"900\" srcset=\"https:\/\/oralvie.com\/wp-content\/uploads\/2024\/07\/Image_2x-1.webp 1480w, https:\/\/oralvie.com\/wp-content\/uploads\/2024\/07\/Image_2x-1-300x182.webp 300w, https:\/\/oralvie.com\/wp-content\/uploads\/2024\/07\/Image_2x-1-1024x623.webp 1024w, https:\/\/oralvie.com\/wp-content\/uploads\/2024\/07\/Image_2x-1-768x467.webp 768w\" sizes=\"auto, (max-width: 1480px) 100vw, 1480px\" \/><\/p>&#13;\n&#13;\n<h2 class=\"wp-block-heading\">Referencias del art\u00edculo<\/h2>&#13;\n&#13;\n<p>Equipo editorial de Healthline. (2020, 7 de diciembre). Mal aliento (halitosis). Healthline.     <a href=\"https:\/\/www.webmd.com\/oral-health\/guide\/bad-breath\" target=\"_blank\" rel=\"noreferrer noopener\">https:\/\/www.webmd.com\/oral-health\/guide\/bad-breath<\/a><\/p>&#13;\n&#13;\n<p>Newman, T. (2018, 10 de enero). Mal Aliento (Halitosis): Causas, diagn\u00f3stico y tratamiento. Noticias m\u00e9dicas de hoy.    <a href=\"https:\/\/www.medicalnewstoday.com\/articles\/166636\" target=\"_blank\" rel=\"noreferrer noopener\">https:\/\/www.medicalnewstoday.com\/articles\/166636<\/a><\/p>&#13;\n&#13;\n<p>Stanborough, RJ (2020, 12 de octubre). Tipos de Mal Aliento: Causas, Tratamiento, Prevenci\u00f3n. Healthline.    <a href=\"https:\/\/www.healthline.com\/health\/types-of-bad-breath-smells\" target=\"_blank\" rel=\"noreferrer noopener\">https:\/\/www.healthline.com\/health\/types-of-bad-breath-smells<\/a><\/p>&#13;\n&#13;\n<p>Wyatt, A. (2020, 22 de octubre). Causas, tratamientos y prevenci\u00f3n del mal aliento. WebMD.    <a href=\"https:\/\/www.webmd.com\/oral-health\/guide\/bad-breath\" target=\"_blank\" rel=\"noreferrer noopener\">https:\/\/www.webmd.com\/oral-health\/guide\/bad-breath<\/a><\/p>&#13;\n&#13;\n<p>Nikita, E. (2017). Condiciones patol\u00f3gicas. Osteoarqueolog\u00eda, 301-354.    <a href=\"https:\/\/www.sciencedirect.com\/science\/article\/pii\/B9780128040218000085\" target=\"_blank\" rel=\"noreferrer noopener\">https:\/\/www.sciencedirect.com\/science\/article\/pii\/B9780128040218000085<\/a><\/p>&#13;\n","protected":false},"excerpt":{"rendered":"<p>Tener mal aliento puede repercutir negativamente en tu vida diaria, afectando tanto a tu relaci\u00f3n con los dem\u00e1s como a tu autoestima.<\/p>\n","protected":false},"author":1,"featured_media":4963,"comment_status":"closed","ping_status":"closed","sticky":false,"template":"","format":"standard","meta":{"_acf_changed":false,"footnotes":""},"categories":[35],"tags":[],"class_list":["post-4956","post","type-post","status-publish","format-standard","has-post-thumbnail","hentry","category-hygiene-es"],"acf":[],"yoast_head":"<!-- This site is optimized with the Yoast SEO plugin v27.5 - https:\/\/yoast.com\/product\/yoast-seo-wordpress\/ -->\n<title>Los problemas dentales podr\u00edan ser la causa de tu mal aliento - Oralvie<\/title>\n<meta name=\"robots\" content=\"index, follow, max-snippet:-1, max-image-preview:large, max-video-preview:-1\" \/>\n<link rel=\"canonical\" href=\"https:\/\/oralvie.com\/es\/los-problemas-dentales-podrian-ser-la-causa-de-tu-mal-aliento\/\" \/>\n<meta property=\"og:locale\" content=\"es_ES\" \/>\n<meta property=\"og:type\" content=\"article\" \/>\n<meta property=\"og:title\" content=\"Los problemas dentales podr\u00edan ser la causa de tu mal aliento - Oralvie\" \/>\n<meta property=\"og:description\" content=\"Tener mal aliento puede repercutir negativamente en tu vida diaria, afectando tanto a tu relaci\u00f3n con los dem\u00e1s como a tu autoestima.\" \/>\n<meta property=\"og:url\" content=\"https:\/\/oralvie.com\/es\/los-problemas-dentales-podrian-ser-la-causa-de-tu-mal-aliento\/\" \/>\n<meta property=\"og:site_name\" content=\"Oralvie\" \/>\n<meta property=\"article:published_time\" content=\"2024-07-24T14:04:57+00:00\" \/>\n<meta property=\"article:modified_time\" content=\"2025-01-16T21:12:03+00:00\" \/>\n<meta property=\"og:image\" content=\"https:\/\/oralvie.com\/wp-content\/uploads\/2024\/07\/articles-bad-breath_3x-1.webp\" \/>\n\t<meta property=\"og:image:width\" content=\"1112\" \/>\n\t<meta property=\"og:image:height\" content=\"900\" \/>\n\t<meta property=\"og:image:type\" content=\"image\/webp\" \/>\n<meta name=\"author\" content=\"Centre Dentaire Oralvie\" \/>\n<meta name=\"twitter:card\" content=\"summary_large_image\" \/>\n<meta name=\"twitter:label1\" content=\"Escrito por\" \/>\n\t<meta name=\"twitter:data1\" content=\"Centre Dentaire Oralvie\" \/>\n\t<meta name=\"twitter:label2\" content=\"Tiempo de lectura\" \/>\n\t<meta name=\"twitter:data2\" content=\"4 minutos\" \/>\n<script type=\"application\/ld+json\" class=\"yoast-schema-graph\">{\"@context\":\"https:\\\/\\\/schema.org\",\"@graph\":[{\"@type\":\"Article\",\"@id\":\"https:\\\/\\\/oralvie.com\\\/es\\\/los-problemas-dentales-podrian-ser-la-causa-de-tu-mal-aliento\\\/#article\",\"isPartOf\":{\"@id\":\"https:\\\/\\\/oralvie.com\\\/es\\\/los-problemas-dentales-podrian-ser-la-causa-de-tu-mal-aliento\\\/\"},\"author\":{\"name\":\"Centre Dentaire Oralvie\",\"@id\":\"https:\\\/\\\/oralvie.com\\\/es\\\/#\\\/schema\\\/person\\\/e8b796611bdad31e1a36c4e067dd2740\"},\"headline\":\"Los problemas dentales podr\u00edan ser la causa de tu mal aliento\",\"datePublished\":\"2024-07-24T14:04:57+00:00\",\"dateModified\":\"2025-01-16T21:12:03+00:00\",\"mainEntityOfPage\":{\"@id\":\"https:\\\/\\\/oralvie.com\\\/es\\\/los-problemas-dentales-podrian-ser-la-causa-de-tu-mal-aliento\\\/\"},\"wordCount\":720,\"publisher\":{\"@id\":\"https:\\\/\\\/oralvie.com\\\/es\\\/#organization\"},\"image\":{\"@id\":\"https:\\\/\\\/oralvie.com\\\/es\\\/los-problemas-dentales-podrian-ser-la-causa-de-tu-mal-aliento\\\/#primaryimage\"},\"thumbnailUrl\":\"https:\\\/\\\/oralvie.com\\\/wp-content\\\/uploads\\\/2024\\\/07\\\/articles-bad-breath_3x-1.webp\",\"articleSection\":[\"Hygi\u00e8ne\"],\"inLanguage\":\"es\"},{\"@type\":\"WebPage\",\"@id\":\"https:\\\/\\\/oralvie.com\\\/es\\\/los-problemas-dentales-podrian-ser-la-causa-de-tu-mal-aliento\\\/\",\"url\":\"https:\\\/\\\/oralvie.com\\\/es\\\/los-problemas-dentales-podrian-ser-la-causa-de-tu-mal-aliento\\\/\",\"name\":\"Los problemas dentales podr\u00edan ser la causa de tu mal aliento - Oralvie\",\"isPartOf\":{\"@id\":\"https:\\\/\\\/oralvie.com\\\/es\\\/#website\"},\"primaryImageOfPage\":{\"@id\":\"https:\\\/\\\/oralvie.com\\\/es\\\/los-problemas-dentales-podrian-ser-la-causa-de-tu-mal-aliento\\\/#primaryimage\"},\"image\":{\"@id\":\"https:\\\/\\\/oralvie.com\\\/es\\\/los-problemas-dentales-podrian-ser-la-causa-de-tu-mal-aliento\\\/#primaryimage\"},\"thumbnailUrl\":\"https:\\\/\\\/oralvie.com\\\/wp-content\\\/uploads\\\/2024\\\/07\\\/articles-bad-breath_3x-1.webp\",\"datePublished\":\"2024-07-24T14:04:57+00:00\",\"dateModified\":\"2025-01-16T21:12:03+00:00\",\"breadcrumb\":{\"@id\":\"https:\\\/\\\/oralvie.com\\\/es\\\/los-problemas-dentales-podrian-ser-la-causa-de-tu-mal-aliento\\\/#breadcrumb\"},\"inLanguage\":\"es\",\"potentialAction\":[{\"@type\":\"ReadAction\",\"target\":[\"https:\\\/\\\/oralvie.com\\\/es\\\/los-problemas-dentales-podrian-ser-la-causa-de-tu-mal-aliento\\\/\"]}]},{\"@type\":\"ImageObject\",\"inLanguage\":\"es\",\"@id\":\"https:\\\/\\\/oralvie.com\\\/es\\\/los-problemas-dentales-podrian-ser-la-causa-de-tu-mal-aliento\\\/#primaryimage\",\"url\":\"https:\\\/\\\/oralvie.com\\\/wp-content\\\/uploads\\\/2024\\\/07\\\/articles-bad-breath_3x-1.webp\",\"contentUrl\":\"https:\\\/\\\/oralvie.com\\\/wp-content\\\/uploads\\\/2024\\\/07\\\/articles-bad-breath_3x-1.webp\",\"width\":1112,\"height\":900},{\"@type\":\"BreadcrumbList\",\"@id\":\"https:\\\/\\\/oralvie.com\\\/es\\\/los-problemas-dentales-podrian-ser-la-causa-de-tu-mal-aliento\\\/#breadcrumb\",\"itemListElement\":[{\"@type\":\"ListItem\",\"position\":1,\"name\":\"Home\",\"item\":\"https:\\\/\\\/oralvie.com\\\/es\\\/\"},{\"@type\":\"ListItem\",\"position\":2,\"name\":\"Los problemas dentales podr\u00edan ser la causa de tu mal aliento\"}]},{\"@type\":\"WebSite\",\"@id\":\"https:\\\/\\\/oralvie.com\\\/es\\\/#website\",\"url\":\"https:\\\/\\\/oralvie.com\\\/es\\\/\",\"name\":\"Oralvie\",\"description\":\"\",\"publisher\":{\"@id\":\"https:\\\/\\\/oralvie.com\\\/es\\\/#organization\"},\"potentialAction\":[{\"@type\":\"SearchAction\",\"target\":{\"@type\":\"EntryPoint\",\"urlTemplate\":\"https:\\\/\\\/oralvie.com\\\/es\\\/?s={search_term_string}\"},\"query-input\":{\"@type\":\"PropertyValueSpecification\",\"valueRequired\":true,\"valueName\":\"search_term_string\"}}],\"inLanguage\":\"es\"},{\"@type\":\"Organization\",\"@id\":\"https:\\\/\\\/oralvie.com\\\/es\\\/#organization\",\"name\":\"Oralvie\",\"url\":\"https:\\\/\\\/oralvie.com\\\/es\\\/\",\"logo\":{\"@type\":\"ImageObject\",\"inLanguage\":\"es\",\"@id\":\"https:\\\/\\\/oralvie.com\\\/es\\\/#\\\/schema\\\/logo\\\/image\\\/\",\"url\":\"https:\\\/\\\/oralvie.com\\\/wp-content\\\/uploads\\\/2024\\\/08\\\/Oralvie-Logo_3x.webp\",\"contentUrl\":\"https:\\\/\\\/oralvie.com\\\/wp-content\\\/uploads\\\/2024\\\/08\\\/Oralvie-Logo_3x.webp\",\"width\":336,\"height\":84,\"caption\":\"Oralvie\"},\"image\":{\"@id\":\"https:\\\/\\\/oralvie.com\\\/es\\\/#\\\/schema\\\/logo\\\/image\\\/\"}},{\"@type\":\"Person\",\"@id\":\"https:\\\/\\\/oralvie.com\\\/es\\\/#\\\/schema\\\/person\\\/e8b796611bdad31e1a36c4e067dd2740\",\"name\":\"Centre Dentaire Oralvie\",\"image\":{\"@type\":\"ImageObject\",\"inLanguage\":\"es\",\"@id\":\"https:\\\/\\\/secure.gravatar.com\\\/avatar\\\/e8c5771aba1efde8cf1581b1b8d97f353b98dce3e1caa3d2b26a6f7731381159?s=96&d=mm&r=g\",\"url\":\"https:\\\/\\\/secure.gravatar.com\\\/avatar\\\/e8c5771aba1efde8cf1581b1b8d97f353b98dce3e1caa3d2b26a6f7731381159?s=96&d=mm&r=g\",\"contentUrl\":\"https:\\\/\\\/secure.gravatar.com\\\/avatar\\\/e8c5771aba1efde8cf1581b1b8d97f353b98dce3e1caa3d2b26a6f7731381159?s=96&d=mm&r=g\",\"caption\":\"Centre Dentaire Oralvie\"},\"sameAs\":[\"https:\\\/\\\/oralvie.com\"],\"url\":\"https:\\\/\\\/oralvie.com\\\/es\\\/author\\\/wpusername9283\\\/\"}]}<\/script>\n<!-- \/ Yoast SEO plugin. -->","yoast_head_json":{"title":"Los problemas dentales podr\u00edan ser la causa de tu mal aliento - Oralvie","robots":{"index":"index","follow":"follow","max-snippet":"max-snippet:-1","max-image-preview":"max-image-preview:large","max-video-preview":"max-video-preview:-1"},"canonical":"https:\/\/oralvie.com\/es\/los-problemas-dentales-podrian-ser-la-causa-de-tu-mal-aliento\/","og_locale":"es_ES","og_type":"article","og_title":"Los problemas dentales podr\u00edan ser la causa de tu mal aliento - Oralvie","og_description":"Tener mal aliento puede repercutir negativamente en tu vida diaria, afectando tanto a tu relaci\u00f3n con los dem\u00e1s como a tu autoestima.","og_url":"https:\/\/oralvie.com\/es\/los-problemas-dentales-podrian-ser-la-causa-de-tu-mal-aliento\/","og_site_name":"Oralvie","article_published_time":"2024-07-24T14:04:57+00:00","article_modified_time":"2025-01-16T21:12:03+00:00","og_image":[{"width":1112,"height":900,"url":"https:\/\/oralvie.com\/wp-content\/uploads\/2024\/07\/articles-bad-breath_3x-1.webp","type":"image\/webp"}],"author":"Centre Dentaire Oralvie","twitter_card":"summary_large_image","twitter_misc":{"Escrito por":"Centre Dentaire Oralvie","Tiempo de lectura":"4 minutos"},"schema":{"@context":"https:\/\/schema.org","@graph":[{"@type":"Article","@id":"https:\/\/oralvie.com\/es\/los-problemas-dentales-podrian-ser-la-causa-de-tu-mal-aliento\/#article","isPartOf":{"@id":"https:\/\/oralvie.com\/es\/los-problemas-dentales-podrian-ser-la-causa-de-tu-mal-aliento\/"},"author":{"name":"Centre Dentaire Oralvie","@id":"https:\/\/oralvie.com\/es\/#\/schema\/person\/e8b796611bdad31e1a36c4e067dd2740"},"headline":"Los problemas dentales podr\u00edan ser la causa de tu mal aliento","datePublished":"2024-07-24T14:04:57+00:00","dateModified":"2025-01-16T21:12:03+00:00","mainEntityOfPage":{"@id":"https:\/\/oralvie.com\/es\/los-problemas-dentales-podrian-ser-la-causa-de-tu-mal-aliento\/"},"wordCount":720,"publisher":{"@id":"https:\/\/oralvie.com\/es\/#organization"},"image":{"@id":"https:\/\/oralvie.com\/es\/los-problemas-dentales-podrian-ser-la-causa-de-tu-mal-aliento\/#primaryimage"},"thumbnailUrl":"https:\/\/oralvie.com\/wp-content\/uploads\/2024\/07\/articles-bad-breath_3x-1.webp","articleSection":["Hygi\u00e8ne"],"inLanguage":"es"},{"@type":"WebPage","@id":"https:\/\/oralvie.com\/es\/los-problemas-dentales-podrian-ser-la-causa-de-tu-mal-aliento\/","url":"https:\/\/oralvie.com\/es\/los-problemas-dentales-podrian-ser-la-causa-de-tu-mal-aliento\/","name":"Los problemas dentales podr\u00edan ser la causa de tu mal aliento - Oralvie","isPartOf":{"@id":"https:\/\/oralvie.com\/es\/#website"},"primaryImageOfPage":{"@id":"https:\/\/oralvie.com\/es\/los-problemas-dentales-podrian-ser-la-causa-de-tu-mal-aliento\/#primaryimage"},"image":{"@id":"https:\/\/oralvie.com\/es\/los-problemas-dentales-podrian-ser-la-causa-de-tu-mal-aliento\/#primaryimage"},"thumbnailUrl":"https:\/\/oralvie.com\/wp-content\/uploads\/2024\/07\/articles-bad-breath_3x-1.webp","datePublished":"2024-07-24T14:04:57+00:00","dateModified":"2025-01-16T21:12:03+00:00","breadcrumb":{"@id":"https:\/\/oralvie.com\/es\/los-problemas-dentales-podrian-ser-la-causa-de-tu-mal-aliento\/#breadcrumb"},"inLanguage":"es","potentialAction":[{"@type":"ReadAction","target":["https:\/\/oralvie.com\/es\/los-problemas-dentales-podrian-ser-la-causa-de-tu-mal-aliento\/"]}]},{"@type":"ImageObject","inLanguage":"es","@id":"https:\/\/oralvie.com\/es\/los-problemas-dentales-podrian-ser-la-causa-de-tu-mal-aliento\/#primaryimage","url":"https:\/\/oralvie.com\/wp-content\/uploads\/2024\/07\/articles-bad-breath_3x-1.webp","contentUrl":"https:\/\/oralvie.com\/wp-content\/uploads\/2024\/07\/articles-bad-breath_3x-1.webp","width":1112,"height":900},{"@type":"BreadcrumbList","@id":"https:\/\/oralvie.com\/es\/los-problemas-dentales-podrian-ser-la-causa-de-tu-mal-aliento\/#breadcrumb","itemListElement":[{"@type":"ListItem","position":1,"name":"Home","item":"https:\/\/oralvie.com\/es\/"},{"@type":"ListItem","position":2,"name":"Los problemas dentales podr\u00edan ser la causa de tu mal aliento"}]},{"@type":"WebSite","@id":"https:\/\/oralvie.com\/es\/#website","url":"https:\/\/oralvie.com\/es\/","name":"Oralvie","description":"","publisher":{"@id":"https:\/\/oralvie.com\/es\/#organization"},"potentialAction":[{"@type":"SearchAction","target":{"@type":"EntryPoint","urlTemplate":"https:\/\/oralvie.com\/es\/?s={search_term_string}"},"query-input":{"@type":"PropertyValueSpecification","valueRequired":true,"valueName":"search_term_string"}}],"inLanguage":"es"},{"@type":"Organization","@id":"https:\/\/oralvie.com\/es\/#organization","name":"Oralvie","url":"https:\/\/oralvie.com\/es\/","logo":{"@type":"ImageObject","inLanguage":"es","@id":"https:\/\/oralvie.com\/es\/#\/schema\/logo\/image\/","url":"https:\/\/oralvie.com\/wp-content\/uploads\/2024\/08\/Oralvie-Logo_3x.webp","contentUrl":"https:\/\/oralvie.com\/wp-content\/uploads\/2024\/08\/Oralvie-Logo_3x.webp","width":336,"height":84,"caption":"Oralvie"},"image":{"@id":"https:\/\/oralvie.com\/es\/#\/schema\/logo\/image\/"}},{"@type":"Person","@id":"https:\/\/oralvie.com\/es\/#\/schema\/person\/e8b796611bdad31e1a36c4e067dd2740","name":"Centre Dentaire Oralvie","image":{"@type":"ImageObject","inLanguage":"es","@id":"https:\/\/secure.gravatar.com\/avatar\/e8c5771aba1efde8cf1581b1b8d97f353b98dce3e1caa3d2b26a6f7731381159?s=96&d=mm&r=g","url":"https:\/\/secure.gravatar.com\/avatar\/e8c5771aba1efde8cf1581b1b8d97f353b98dce3e1caa3d2b26a6f7731381159?s=96&d=mm&r=g","contentUrl":"https:\/\/secure.gravatar.com\/avatar\/e8c5771aba1efde8cf1581b1b8d97f353b98dce3e1caa3d2b26a6f7731381159?s=96&d=mm&r=g","caption":"Centre Dentaire Oralvie"},"sameAs":["https:\/\/oralvie.com"],"url":"https:\/\/oralvie.com\/es\/author\/wpusername9283\/"}]}},"_links":{"self":[{"href":"https:\/\/oralvie.com\/es\/wp-json\/wp\/v2\/posts\/4956","targetHints":{"allow":["GET"]}}],"collection":[{"href":"https:\/\/oralvie.com\/es\/wp-json\/wp\/v2\/posts"}],"about":[{"href":"https:\/\/oralvie.com\/es\/wp-json\/wp\/v2\/types\/post"}],"author":[{"embeddable":true,"href":"https:\/\/oralvie.com\/es\/wp-json\/wp\/v2\/users\/1"}],"replies":[{"embeddable":true,"href":"https:\/\/oralvie.com\/es\/wp-json\/wp\/v2\/comments?post=4956"}],"version-history":[{"count":3,"href":"https:\/\/oralvie.com\/es\/wp-json\/wp\/v2\/posts\/4956\/revisions"}],"predecessor-version":[{"id":4972,"href":"https:\/\/oralvie.com\/es\/wp-json\/wp\/v2\/posts\/4956\/revisions\/4972"}],"wp:featuredmedia":[{"embeddable":true,"href":"https:\/\/oralvie.com\/es\/wp-json\/wp\/v2\/media\/4963"}],"wp:attachment":[{"href":"https:\/\/oralvie.com\/es\/wp-json\/wp\/v2\/media?parent=4956"}],"wp:term":[{"taxonomy":"category","embeddable":true,"href":"https:\/\/oralvie.com\/es\/wp-json\/wp\/v2\/categories?post=4956"},{"taxonomy":"post_tag","embeddable":true,"href":"https:\/\/oralvie.com\/es\/wp-json\/wp\/v2\/tags?post=4956"}],"curies":[{"name":"wp","href":"https:\/\/api.w.org\/{rel}","templated":true}]}}